{"id":2520,"date":"2018-12-20T03:49:22","date_gmt":"2018-12-20T01:49:22","guid":{"rendered":"https:\/\/aukrug-sien.com\/?p=2520"},"modified":"2020-10-26T18:23:45","modified_gmt":"2020-10-26T16:23:45","slug":"reimer-reimers-erhaelt-das-bundesverdienstkreuz","status":"publish","type":"post","link":"https:\/\/aukrug-sien.com\/?p=2520","title":{"rendered":"Reimer Reimers erh\u00e4lt das Bundesverdienstkreuz"},"content":{"rendered":"\n<p>Unserem langj\u00e4hrigen Vorsitzenden Reimer Reimers wurde am 10. September 2018 das Bundesverdienstkreuz am Bande des Verdienstordens der Bundesrepublik Deutschland verliehen. Die \u00dcberreichung der Ehrung erfolgte am 11. Dezember 2018 durch unseren Ministerpr\u00e4sidenten Daniel G\u00fcnther im Rahmen einer Feierstunde in der Schleswig-Holsteinischen Landesbibliothek im Satori &amp; Berger Speicher in Kiel.<\/p>\n\n\n\n<p><strong>Laudatio: Reimer Reimers<\/strong><\/p>\n\n\n\n<p>Partnerschaftsarbeit zur Gemeinde Sien in Burkina Faso ist gepr\u00e4gt von gro\u00dfer Humanit\u00e4t. Es ist ein Bestreben, die Lebensbedingungen der Menschen dort zu verbessern. Die positive Entwicklung der Infrastruktur und die F\u00f6rderung der Eigenst\u00e4ndigkeit der Bev\u00f6lkerung sind ma\u00dfgeblich auf sein Engagement zur\u00fcckzuf\u00fchren. Reimer Reimers konnte bereits viele Menschen f\u00fcr sein Projekt begeistern und erhebliche Spendengelder einwerben. Er gr\u00fcndete 1994 den Verein &#8222;Partnerschaft Aukrug-Sien e.V.&#8220;, dessen Vorsitzender und Motor er seitdem ist. Im Mittelpunkt seines Engagements steht das Einwerben von Spendengeldern, sowie die Planung und Durchf\u00fchrung von Entwicklungsma\u00dfnahmen unter Beteiligung der Menschen vor Ort. Der Bau eines Staudamms und Regenr\u00fcckhaltebeckens, der Neubau einer Kranken- und Entbindungsstation und der Neubau von Klassenr\u00e4umen, sowie Lehrerwohnungen sind Projekte, f\u00fcr die er gro\u00dfe Anerkennung erf\u00e4hrt. Das Bundesministerium f\u00fcr wirtschaftliche Zusammenarbeit und Entwicklung f\u00f6rderte mehrere Projekte. Er war zudem Gemeindevertreter, stellvertretender B\u00fcrgermeister und B\u00fcrgermeister in Aukrug.<\/p>\n\n\n\n<figure class=\"wp-block-image\"><img loading=\"lazy\" decoding=\"async\" width=\"1024\" height=\"768\" src=\"https:\/\/aukrug-sien.com\/wp-content\/uploads\/2018\/12\/DSCN2285a-1024x768.jpg\" alt=\"\" class=\"wp-image-2522\" srcset=\"https:\/\/aukrug-sien.com\/wp-content\/uploads\/2018\/12\/DSCN2285a-1024x768.jpg 1024w, https:\/\/aukrug-sien.com\/wp-content\/uploads\/2018\/12\/DSCN2285a-300x225.jpg 300w, https:\/\/aukrug-sien.com\/wp-content\/uploads\/2018\/12\/DSCN2285a-768x576.jpg 768w, https:\/\/aukrug-sien.com\/wp-content\/uploads\/2018\/12\/DSCN2285a-640x480.jpg 640w, https:\/\/aukrug-sien.com\/wp-content\/uploads\/2018\/12\/DSCN2285a-1320x990.jpg 1320w, https:\/\/aukrug-sien.com\/wp-content\/uploads\/2018\/12\/DSCN2285a.jpg 1844w\" sizes=\"auto, (max-width: 1024px) 100vw, 1024px\" \/><figcaption>Die Verleihungsurkunde<\/figcaption><\/figure>\n\n\n\n<p>Neben Reimer wurden auch Angelika Volquartz, Dr. Ernst Joachim F\u00fcrsen, Ulrich Hardtke, Ernst-Wilhelm Mohrdieck, Reimer Offermann und Burkhard Sawade mit dem Verdienstkreuz geehrt.<\/p>\n\n\n\n<figure class=\"wp-block-image\"><img loading=\"lazy\" decoding=\"async\" width=\"1024\" height=\"768\" src=\"https:\/\/aukrug-sien.com\/wp-content\/uploads\/2018\/12\/DSCN2307a-1024x768.jpg\" alt=\"\" class=\"wp-image-2523\" srcset=\"https:\/\/aukrug-sien.com\/wp-content\/uploads\/2018\/12\/DSCN2307a-1024x768.jpg 1024w, https:\/\/aukrug-sien.com\/wp-content\/uploads\/2018\/12\/DSCN2307a-300x225.jpg 300w, https:\/\/aukrug-sien.com\/wp-content\/uploads\/2018\/12\/DSCN2307a-768x576.jpg 768w, https:\/\/aukrug-sien.com\/wp-content\/uploads\/2018\/12\/DSCN2307a-640x480.jpg 640w, https:\/\/aukrug-sien.com\/wp-content\/uploads\/2018\/12\/DSCN2307a-1320x990.jpg 1320w, https:\/\/aukrug-sien.com\/wp-content\/uploads\/2018\/12\/DSCN2307a.jpg 1844w\" sizes=\"auto, (max-width: 1024px) 100vw, 1024px\" \/><figcaption>Gruppenfoto aller Ausgezeichneten mit Ministerpr\u00e4sident Daniel G\u00fcnther<\/figcaption><\/figure>\n","protected":false},"excerpt":{"rendered":"<p>Unserem langj\u00e4hrigen Vorsitzenden Reimer Reimers wurde am 10. September 2018 das Bundesverdienstkreuz am Bande des Verdienstordens der Bundesrepublik Deutschland verliehen. Die \u00dcberreichung der Ehrung erfolgte am 11. Dezember 2018 durch unseren Ministerpr\u00e4sidenten Daniel G\u00fcnther im Rahmen einer Feierstunde in der Schleswig-Holsteinischen Landesbibliothek im Satori &amp; Berger Speicher in Kiel. Laudatio:&#8230;<\/p>\n<p> <a class=\"continue-reading-link\" href=\"https:\/\/aukrug-sien.com\/?p=2520\"><span>Weiterlesen&#8230;<\/span><i class=\"crycon-right-dir\"><\/i><\/a> <\/p>\n","protected":false},"author":7,"featured_media":2521,"comment_status":"closed","ping_status":"closed","sticky":false,"template":"","format":"standard","meta":{"footnotes":""},"categories":[63,1],"tags":[],"class_list":["post-2520","post","type-post","status-publish","format-standard","has-post-thumbnail","hentry","category-2018-2020","category-allgemein"],"_links":{"self":[{"href":"https:\/\/aukrug-sien.com\/index.php?rest_route=\/wp\/v2\/posts\/2520","targetHints":{"allow":["GET"]}}],"collection":[{"href":"https:\/\/aukrug-sien.com\/index.php?rest_route=\/wp\/v2\/posts"}],"about":[{"href":"https:\/\/aukrug-sien.com\/index.php?rest_route=\/wp\/v2\/types\/post"}],"author":[{"embeddable":true,"href":"https:\/\/aukrug-sien.com\/index.php?rest_route=\/wp\/v2\/users\/7"}],"replies":[{"embeddable":true,"href":"https:\/\/aukrug-sien.com\/index.php?rest_route=%2Fwp%2Fv2%2Fcomments&post=2520"}],"version-history":[{"count":2,"href":"https:\/\/aukrug-sien.com\/index.php?rest_route=\/wp\/v2\/posts\/2520\/revisions"}],"predecessor-version":[{"id":2529,"href":"https:\/\/aukrug-sien.com\/index.php?rest_route=\/wp\/v2\/posts\/2520\/revisions\/2529"}],"wp:featuredmedia":[{"embeddable":true,"href":"https:\/\/aukrug-sien.com\/index.php?rest_route=\/wp\/v2\/media\/2521"}],"wp:attachment":[{"href":"https:\/\/aukrug-sien.com\/index.php?rest_route=%2Fwp%2Fv2%2Fmedia&parent=2520"}],"wp:term":[{"taxonomy":"category","embeddable":true,"href":"https:\/\/aukrug-sien.com\/index.php?rest_route=%2Fwp%2Fv2%2Fcategories&post=2520"},{"taxonomy":"post_tag","embeddable":true,"href":"https:\/\/aukrug-sien.com\/index.php?rest_route=%2Fwp%2Fv2%2Ftags&post=2520"}],"curies":[{"name":"wp","href":"https:\/\/api.w.org\/{rel}","templated":true}]}}