{"id":2618,"date":"2018-12-31T14:50:10","date_gmt":"2018-12-31T12:50:10","guid":{"rendered":"https:\/\/aukrug-sien.com\/?p=2618"},"modified":"2022-10-27T18:58:09","modified_gmt":"2022-10-27T16:58:09","slug":"sicherheitslage-in-burkina-faso","status":"publish","type":"post","link":"https:\/\/aukrug-sien.com\/?p=2618","title":{"rendered":"Sicherheitslage in Burkina Faso"},"content":{"rendered":"\n<h3 class=\"wp-block-heading\" id=\"content_0\">Landesspezifische Sicherheitshinweise &#8211; Teilreisewarnung<\/h3>\n\n\n\n<div class=\"wp-block-group\"><div class=\"wp-block-group__inner-container is-layout-flow wp-block-group-is-layout-flow\">\n<h4 class=\"wp-block-heading\">Aktuelles<\/h4>\n\n\n\n<blockquote class=\"wp-block-quote is-layout-flow wp-block-quote-is-layout-flow\"><p>Aufgrund der Ausbreitung von <a rel=\"noreferrer noopener\" href=\"https:\/\/www.auswaertiges-amt.de\/de\/ReiseUndSicherheit\/reise-gesundheit\/gesundheit-fachinformationen\/reisemedizinische-hinweise\/Coronavirus\/-\/2309820\" target=\"_blank\"><abbr title=\"durch das Coronavirus SARS-CoV-2 verursachte Virusinfektion\">COVID-19<\/abbr><\/a> und damit einhergehenden Einschr\u00e4nkungen im internationalen Luft- und Reiseverkehr sowie Beeintr\u00e4chtigungen des \u00f6ffentlichen Lebens wird <strong>vor nicht notwendigen, touristischen Reisen<\/strong> nach&nbsp;Burkina Faso&nbsp;weiterhin <strong>gewarnt<\/strong>.<\/p><p>Bei Einreise nach Burkina Faso ist ein nicht mehr als f\u00fcnf Tage alter PCR-Test vorzulegen. Dieser muss von einem entsprechend akkreditierten Labor durchgef\u00fchrt worden sein. Bei Ankunft in Burkina Faso ist der Aufenthaltsort anzuzeigen, Kontaktinformationen in Burkina Faso zu hinterlegen sowie eine Gesundheitserkl\u00e4rung auszuf\u00fcllen. Das Testergebnis ist auch bei Ausreise mitzuf\u00fchren.<\/p><\/blockquote>\n\n\n\n<blockquote class=\"wp-block-quote is-layout-flow wp-block-quote-is-layout-flow\"><p>Die Landgrenzen sowie der grenz\u00fcberschreitende Eisenbahnverkehr, ausgenommen Frachttransporte, bleiben bis auf weiteres f\u00fcr den Personenverkehr geschlossen.<\/p><\/blockquote>\n\n\n\n<blockquote class=\"wp-block-quote is-layout-flow wp-block-quote-is-layout-flow\"><p>Das Tragen einer Gesichtsmaske im \u00f6ffentlichen Raum ist Pflicht.<\/p><\/blockquote>\n\n\n\n<blockquote class=\"wp-block-quote is-layout-flow wp-block-quote-is-layout-flow\"><p>F\u00fchren Sie in jedem Fall einen aktuellen PCR-Test bei Ein- und Ausreise mit.<\/p><p>Bitte beachten&nbsp;Sie unsere fortlaufend aktualisierten Informationen zu <a href=\"https:\/\/www.auswaertiges-amt.de\/de\/ReiseUndSicherheit\/reise-gesundheit\/gesundheit-fachinformationen\/reisemedizinische-hinweise\/Coronavirus\/-\/2309820\"><abbr title=\"durch das Coronavirus SARS-CoV-2 verursachte Virusinfektion\">COVID-19<\/abbr>\/Coronavirus.<\/a><\/p><\/blockquote>\n\n\n\n<blockquote class=\"wp-block-quote is-layout-flow wp-block-quote-is-layout-flow\"><p><strong>Vor Reisen in folgende Landesteile wird gewarnt:<\/strong><\/p><\/blockquote>\n\n\n\n<blockquote class=\"wp-block-quote is-layout-flow wp-block-quote-is-layout-flow\"><p><strong>Im Nordosten, Norden und Nordwesten in den Regionen Sahel, Centre-Nord, Nord und Boucle de Mouhoun alle Gebiete n\u00f6rdlich der Linie zwischen den St\u00e4dten Kaya \u2013 Yako \u2013 Toma \u2013 D\u00e9dougou \u2013 Bobo-Dioulasso<\/strong> (mit Ausnahme des Stadtgebiets von Bobo-Dioulasso).&nbsp; Dies umfasst die Provinzen S\u00e9no, Oudalan, Namentenga, Soum, Bam, Loroum, Yatenga, Zoudw\u00e9ogo, Sourou, und Kossi sowie Teile der Provinzen Sanmantenga und Nayala.<\/p><p><strong>Im Westen und S\u00fcdwesten in den Regionen Hauts-Bassins, Cascades und Sud-Ouest alle grenznahen Gebiete s\u00fcdlich der Linie Banfora und Gaoua sowie \u00f6stlich der Linie Gaoua und Di\u00e9bougou<\/strong> (einschlie\u00dflich der Stadt Banfora). Dies umfasst die Provinzen K\u00e9n\u00e9dougou, L\u00e9raba und Noumbiel sowie Teile der Provinzen Como\u00e9, Poni, Bougouriba und Ioba.<\/p><p><strong>Im S\u00fcden in den Regionen Centre-Ouest und Centre-Sud alle grenznahen Gebiete zu Ghana, s\u00fcdlich der Linie zwischen den St\u00e4dten Di\u00e9bougou und Manga<\/strong> einschlie\u00dflich des Naturparks \u201eNazinga\u201c. Dies umfasst die Provinzen oder Teile von Sissili, den \u00e4u\u00dfersten S\u00fcden der Provinz Ziro, Nahouri und Zoundweogo sowie den s\u00fcdlichen Teil der Provinz Boulgou.<\/p><p><strong>Im S\u00fcdosten und Osten in den Regionen Centre-Est und Est alle Gebiete s\u00fcdlich der Linie Manga \u2013 Tenkodogo und \u00f6stlich der Linie Tenkodogo &#8211; Kaya<\/strong>. Dies umfasst die Provinzen Koulp\u00e9logo, Kompienga, Kourittenga und Gourma in Richtung Benin und Togo sowie die Provinzen Tapoa, Komonjari, Yagha und Gnagna in Richtung Niger.<\/p><\/blockquote>\n\n\n\n<blockquote class=\"wp-block-quote is-layout-flow wp-block-quote-is-layout-flow\"><p><strong>Von nicht notwendigen Reisen in die \u00fcbrigen Landesteile<\/strong> <strong>wird abgeraten<\/strong>.<\/p><\/blockquote>\n\n\n\n<h3 class=\"wp-block-heading\">Terrorismus<\/h3>\n\n\n\n<blockquote class=\"wp-block-quote is-layout-flow wp-block-quote-is-layout-flow\"><p>In gro\u00dfen Teilen des Landes, insbesondere im Norden und Osten, aber auch den westlichen und s\u00fcdlichen Grenzgebieten zu den Nachbarstaaten besteht erh\u00f6hte Terrorgefahr.&nbsp;Sicherheitsrelevante Vorf\u00e4lle haben dort seit 2018 stetig erheblich zugenommen und zu einer starken Zunahme von Binnenfl\u00fcchtlingen gef\u00fchrt.<\/p><\/blockquote>\n\n\n\n<blockquote class=\"wp-block-quote is-layout-flow wp-block-quote-is-layout-flow\"><p>Es besteht zunehmend eine hohe Gefahr terroristischer Gewaltakte und Entf\u00fchrungen, insbesondere f\u00fcr Ziele, an denen sich regelm\u00e4\u00dfig westliche Staatsangeh\u00f6rige aufhalten, wie z.B. in den verschiedenen Naturschutzgebieten wie den Nationalparks \u201eW\u201c und Arly im S\u00fcdosten oder dem gesch\u00fctzten Wald von Nazinga im S\u00fcden an der Grenze zu Ghana. Auch weitere touristische Sehensw\u00fcrdigkeiten wie die Wasserf\u00e4lle von Banfora im S\u00fcdosten oder die Stadt P\u00f4 im S\u00fcden sind hiervon betroffen.<\/p><\/blockquote>\n\n\n\n<blockquote class=\"wp-block-quote is-layout-flow wp-block-quote-is-layout-flow\"><p>Neben dem burkinischen Staat und der Bev\u00f6lkerung sind auch westliche Ausl\u00e4nder Opfer von gezielten Entf\u00fchrungen, wie im Dezember 2018, im Januar 2019 und zuletzt im Mai 2019 im Pendjari-Nationalpark auf beninischer Seite im Grenzgebiet mit anschlie\u00dfender Verschleppung nach Burkina Faso.<\/p><\/blockquote>\n\n\n\n<blockquote class=\"wp-block-quote is-layout-flow wp-block-quote-is-layout-flow\"><p>In einigen Gebieten, insbesondere in der Sahel-Sahara-Region, sind Sport- und Kulturveranstaltungen wie W\u00fcsten-Rallyes oder Musikfestivals mit erheblichen Anschlags- und Entf\u00fchrungsrisiken verbunden.<\/p><\/blockquote>\n\n\n\n<blockquote class=\"wp-block-quote is-layout-flow wp-block-quote-is-layout-flow\"><p>Bei einem Anschlag in der Stadt Bitou an der wichtigen Transitstrecke N 16 aus Togo wurde im Februar 2019 auch ein europ\u00e4ischer Staatsb\u00fcrger get\u00f6tet.<\/p><\/blockquote>\n\n\n\n<blockquote class=\"wp-block-quote is-layout-flow wp-block-quote-is-layout-flow\"><p>Nach Anschl\u00e4gen auf von westlichen Staatsb\u00fcrgern frequentierte Hotels und Restaurants in der Hauptstadt Ouagadougou seit 2016 wurden zuletzt am 2. M\u00e4rz 2018 die franz\u00f6sische Botschaft und das Hauptquartier der burkinischen Armee in Ouagadougou von aus Mali gesteuerten Terroristen angegriffen. Es kam zu Schusswechseln und Explosionen mit mehreren Todesopfern.<\/p><\/blockquote>\n\n\n\n<blockquote class=\"wp-block-quote is-layout-flow wp-block-quote-is-layout-flow\"><p>Zuvor wurden im Januar 2016 und August 2017 Anschl\u00e4ge auf auch bei Ausl\u00e4ndern beliebte Restaurants bzw. ein Hotel im Zentrum von Ouagadougou ver\u00fcbt, die zahlreiche Todesopfer und Verletzte forderte.<\/p><\/blockquote>\n\n\n\n<blockquote class=\"wp-block-quote is-layout-flow wp-block-quote-is-layout-flow\"><p>Reisen Sie nur auf dem Luftweg und nicht auf dem Landweg nach Burkina Faso ein.<\/p><p>F\u00fchren Sie unbedingt notwendige, l\u00e4ngere Reisen auf dem Landweg au\u00dferhalb des unmittelbaren Stadtgebiets Ouagadougous nur mit einem tragf\u00e4higen Sicherheitskonzept durch.<\/p><p>Beachten Sie auch den <a rel=\"noreferrer noopener\" href=\"https:\/\/www.auswaertiges-amt.de\/de\/ReiseUndSicherheit\/weltweiter-sicherheitshinweis\/1796970\" target=\"_blank\">weltweiten Sicherheitshinweis<\/a>.<\/p><\/blockquote>\n\n\n\n<h3 class=\"wp-block-heading\">Innenpolitische Lage<\/h3>\n\n\n\n<blockquote class=\"wp-block-quote is-layout-flow wp-block-quote-is-layout-flow\"><p>Proteste und Demonstrationen k\u00f6nnen zum Teil spontan aufkommen, wie z.B. im laufenden Wahlkampf f\u00fcr die Pr\u00e4sidentschafts- und Parlamentswahlen im November 2020 oder bei anderen Veranstaltungen wie Festivals und weiteren Orten, die von Ausl\u00e4ndern frequentiert werden. Dies gilt verst\u00e4rkt in st\u00e4dtischen Gegenden wie der Hauptstadt Ouagadougou oder Bobo-Dioulasso. Diese Proteste und Demonstrationen k\u00f6nnen schnell zu gewaltsamen Auseinandersetzungen und Verkehrsbeeintr\u00e4chtigungen f\u00fchren.<\/p><\/blockquote>\n\n\n\n<blockquote class=\"wp-block-quote is-layout-flow wp-block-quote-is-layout-flow\"><p>Seit Anfang Januar 2019 gilt in folgenden Provinzen der Ausnahmezustand, womit u.a. Reisebeschr\u00e4nkungen, Ausgangssperren und erleichterte Hausdurchsuchungen m\u00f6glich sind:<\/p><\/blockquote>\n\n\n\n<blockquote class=\"wp-block-quote is-layout-flow wp-block-quote-is-layout-flow\"><p>&#8211; Region Boucle du Mouhoun: Provinzen Kossi und Sourou,<br>&#8211; Region Centre-Est: Provinz Koulp\u00e9logo,<br>&#8211; Region l\u00b4Est: Provinzen Gnagna, Gourma, Komandjari, Kompienga und Tapoa,<br>&#8211; Region Hauts Bassins: Provinz K\u00e9n\u00e9dougou,<br>&#8211; Region Nord: Provinz Loroum,<br>&#8211; Region Sahel: Provinzen Oudalan, S\u00e9no, Soum und Yagha<\/p><\/blockquote>\n\n\n\n<blockquote class=\"wp-block-quote is-layout-flow wp-block-quote-is-layout-flow\"><p>Informieren Sie sich \u00fcber die lokalen Medien.<\/p><p>Meiden Sie Demonstrationen und gr\u00f6\u00dfere Menschenansammlungen weitr\u00e4umig.<\/p><p>Folgen Sie den Anweisungen lokaler Sicherheitskr\u00e4fte.<\/p><cite>Quelle: Ausw\u00e4rtiges Amt<\/cite><\/blockquote>\n\n\n\n<p><\/p>\n<\/div><\/div>\n\n\n\n<p><strong>Der vollst\u00e4ndige (regelm\u00e4ssig aktualisierte) Text ist nachzulesen beim Ausw\u00e4rtigen Amt:  <a href=\"https:\/\/www.auswaertiges-amt.de\/de\/aussenpolitik\/laender\/burkinafaso-node\/burkinafasosicherheit\/212336\" target=\"_blank\" rel=\"noreferrer noopener\">Reise- und Sicherheitshinweise<\/a><\/strong><\/p>\n","protected":false},"excerpt":{"rendered":"<p>Landesspezifische Sicherheitshinweise &#8211; Teilreisewarnung Aktuelles Aufgrund der Ausbreitung von COVID-19 und damit einhergehenden Einschr\u00e4nkungen im internationalen Luft- und Reiseverkehr sowie Beeintr\u00e4chtigungen des \u00f6ffentlichen Lebens wird vor nicht notwendigen, touristischen Reisen nach&nbsp;Burkina Faso&nbsp;weiterhin gewarnt. Bei Einreise nach Burkina Faso ist ein nicht mehr als f\u00fcnf Tage alter PCR-Test vorzulegen. Dieser muss&#8230;<\/p>\n<p> <a class=\"continue-reading-link\" href=\"https:\/\/aukrug-sien.com\/?p=2618\"><span>Weiterlesen&#8230;<\/span><i class=\"crycon-right-dir\"><\/i><\/a> <\/p>\n","protected":false},"author":1,"featured_media":1736,"comment_status":"closed","ping_status":"closed","sticky":false,"template":"","format":"standard","meta":{"footnotes":""},"categories":[1],"tags":[],"class_list":["post-2618","post","type-post","status-publish","format-standard","has-post-thumbnail","hentry","category-allgemein"],"_links":{"self":[{"href":"https:\/\/aukrug-sien.com\/index.php?rest_route=\/wp\/v2\/posts\/2618","targetHints":{"allow":["GET"]}}],"collection":[{"href":"https:\/\/aukrug-sien.com\/index.php?rest_route=\/wp\/v2\/posts"}],"about":[{"href":"https:\/\/aukrug-sien.com\/index.php?rest_route=\/wp\/v2\/types\/post"}],"author":[{"embeddable":true,"href":"https:\/\/aukrug-sien.com\/index.php?rest_route=\/wp\/v2\/users\/1"}],"replies":[{"embeddable":true,"href":"https:\/\/aukrug-sien.com\/index.php?rest_route=%2Fwp%2Fv2%2Fcomments&post=2618"}],"version-history":[{"count":8,"href":"https:\/\/aukrug-sien.com\/index.php?rest_route=\/wp\/v2\/posts\/2618\/revisions"}],"predecessor-version":[{"id":3702,"href":"https:\/\/aukrug-sien.com\/index.php?rest_route=\/wp\/v2\/posts\/2618\/revisions\/3702"}],"wp:featuredmedia":[{"embeddable":true,"href":"https:\/\/aukrug-sien.com\/index.php?rest_route=\/wp\/v2\/media\/1736"}],"wp:attachment":[{"href":"https:\/\/aukrug-sien.com\/index.php?rest_route=%2Fwp%2Fv2%2Fmedia&parent=2618"}],"wp:term":[{"taxonomy":"category","embeddable":true,"href":"https:\/\/aukrug-sien.com\/index.php?rest_route=%2Fwp%2Fv2%2Fcategories&post=2618"},{"taxonomy":"post_tag","embeddable":true,"href":"https:\/\/aukrug-sien.com\/index.php?rest_route=%2Fwp%2Fv2%2Ftags&post=2618"}],"curies":[{"name":"wp","href":"https:\/\/api.w.org\/{rel}","templated":true}]}}