{"id":2847,"date":"2020-04-11T12:20:48","date_gmt":"2020-04-11T10:20:48","guid":{"rendered":"https:\/\/aukrug-sien.com\/?p=2847"},"modified":"2020-10-26T18:30:00","modified_gmt":"2020-10-26T16:30:00","slug":"gruesse-des-neuen-vorstandes","status":"publish","type":"post","link":"https:\/\/aukrug-sien.com\/?p=2847","title":{"rendered":"(Oster)Gr\u00fc\u00dfe des neuen Vorstandes"},"content":{"rendered":"<p><strong>Liebe Mitglieder,<\/strong><\/p>\n<p><strong>liebe Freunde in Aukrug,<\/strong><\/p>\n<p><strong>liebe Freunde von Sien,<\/strong><\/p>\n<p>vor fast f\u00fcnf Wochen haben wir unsere Jahreshauptversammlung durchgef\u00fchrt, bei der Reimer seinen Entschluss in die Tat umsetzte, nicht mehr f\u00fcr den ersten Vorsitz zur Verf\u00fcgung zu stehen. Aufgrund der neuen Medien war es m\u00f6glich, dass einige langj\u00e4hrige Wegbegleiter aus Sien Gru\u00dfworte per Videobotschaft sandten und sein Wirken f\u00fcr das Dorf w\u00fcrdigten. Hella Kohlmeyer wurde zur neuen ersten Vorsitzenden gew\u00e4hlt.<\/p>\n<p>Auch unser langj\u00e4hriger Kassierer Subhash stand nicht wieder zur Wahl. Das Amt \u00fcbernahm Peter Marsch. Dadurch haben sich im Vorstand einige \u00c4nderungen ergeben. Hannes Carstens ist nun zweiter Vorsitzender und Imke Reimers unterst\u00fctzt uns als Beisitzerin.<\/p>\n<p>Bedingt durch die Corona-Pandemie, die hier in Deutschland zu massiven Einschnitten ins \u00f6ffentliche und private Leben f\u00fchrt, war die erste Amtshandlung der neuen Vorsitzenden \u00fcber eine Email-Abstimmung eine Zuwendung nach Sien genehmigen zu lassen, damit sich das Dorf und die Krankenstation mit Desinfektionsmitteln, Seifen und anderen Dingen ausstatten konnte.<\/p>\n<p>Die Virus-Erkrankung ist inzwischen auch in Burkina Faso angekommen. Viele St\u00e4dte und D\u00f6rfer, in denen sich Erkrankte aufhalten, sind abgeriegelt worden. Man kann innerhalb des Landes nicht mehr frei reisen. So sitzt der Vorsitzende von ADESI, Victorien Ki, im Moment in Ouagadougou fest. Dort in der Hauptstadt gibt es auch die meisten Erkrankten. Sien ist zum Gl\u00fcck bis jetzt noch verschont geblieben. Wir sind im Austausch mit dem ersten Vorsitzenden und auch mit seinem Stellvertreter im Dorf, Joseph Toe.<\/p>\n<p>Wir w\u00fcnschen Ihnen\/Euch ein friedliches Osterfest!<\/p>\n<p><strong>Bitte bleibt alle gesund, alle hier in Aukrug und alle in Sien!<\/strong><\/p>\n<p>Der Vorstand<\/p>\n<p>Partnerschaft Aukrug-Sien e.V.<\/p>\n","protected":false},"excerpt":{"rendered":"<p>Liebe Mitglieder, liebe Freunde in Aukrug, liebe Freunde von Sien, vor fast f\u00fcnf Wochen haben wir unsere Jahreshauptversammlung durchgef\u00fchrt, bei der Reimer seinen Entschluss in die Tat umsetzte, nicht mehr f\u00fcr den ersten Vorsitz zur Verf\u00fcgung zu stehen. Aufgrund der neuen Medien war es m\u00f6glich, dass einige langj\u00e4hrige Wegbegleiter aus&#8230;<\/p>\n<p> <a class=\"continue-reading-link\" href=\"https:\/\/aukrug-sien.com\/?p=2847\"><span>Weiterlesen&#8230;<\/span><i class=\"crycon-right-dir\"><\/i><\/a> <\/p>\n","protected":false},"author":1,"featured_media":2766,"comment_status":"closed","ping_status":"closed","sticky":false,"template":"","format":"standard","meta":{"footnotes":""},"categories":[63,65],"tags":[],"class_list":["post-2847","post","type-post","status-publish","format-standard","has-post-thumbnail","hentry","category-2018-2020","category-mitgliederbrief"],"_links":{"self":[{"href":"https:\/\/aukrug-sien.com\/index.php?rest_route=\/wp\/v2\/posts\/2847","targetHints":{"allow":["GET"]}}],"collection":[{"href":"https:\/\/aukrug-sien.com\/index.php?rest_route=\/wp\/v2\/posts"}],"about":[{"href":"https:\/\/aukrug-sien.com\/index.php?rest_route=\/wp\/v2\/types\/post"}],"author":[{"embeddable":true,"href":"https:\/\/aukrug-sien.com\/index.php?rest_route=\/wp\/v2\/users\/1"}],"replies":[{"embeddable":true,"href":"https:\/\/aukrug-sien.com\/index.php?rest_route=%2Fwp%2Fv2%2Fcomments&post=2847"}],"version-history":[{"count":2,"href":"https:\/\/aukrug-sien.com\/index.php?rest_route=\/wp\/v2\/posts\/2847\/revisions"}],"predecessor-version":[{"id":2849,"href":"https:\/\/aukrug-sien.com\/index.php?rest_route=\/wp\/v2\/posts\/2847\/revisions\/2849"}],"wp:featuredmedia":[{"embeddable":true,"href":"https:\/\/aukrug-sien.com\/index.php?rest_route=\/wp\/v2\/media\/2766"}],"wp:attachment":[{"href":"https:\/\/aukrug-sien.com\/index.php?rest_route=%2Fwp%2Fv2%2Fmedia&parent=2847"}],"wp:term":[{"taxonomy":"category","embeddable":true,"href":"https:\/\/aukrug-sien.com\/index.php?rest_route=%2Fwp%2Fv2%2Fcategories&post=2847"},{"taxonomy":"post_tag","embeddable":true,"href":"https:\/\/aukrug-sien.com\/index.php?rest_route=%2Fwp%2Fv2%2Ftags&post=2847"}],"curies":[{"name":"wp","href":"https:\/\/api.w.org\/{rel}","templated":true}]}}